{"id":1620,"__str__":"Exposi\u00e7\u00e3o de motivos - Exposi\u00e7\u00e3o de Motivos de 11/06/2014 por Edson da Cunha Speck","link_detail_backend":"/materia/documentoacessorio/1620","metadata":{},"nome":"Exposi\u00e7\u00e3o de Motivos","data":"2014-06-11","autor":"Edson da Cunha Speck","ementa":"                    \r\n                ","indexacao":"","arquivo":"http://sapl.itapoa.sc.leg.br/media/sapl/public/documentoacessorio/2014/1620/1620.pdf","data_ultima_atualizacao":"2018-10-15T13:04:24.604161-03:00","materia":4039,"tipo":17}