{"id":2747,"__str__":"Exposi\u00e7\u00e3o de motivos - Exposi\u00e7\u00e3o de motivos de 15/01/2016 por Sergio Ferreira de  Aguiar ","link_detail_backend":"/materia/documentoacessorio/2747","metadata":{},"nome":"Exposi\u00e7\u00e3o de motivos","data":"2016-01-15","autor":"Sergio Ferreira de  Aguiar ","ementa":"","indexacao":"","arquivo":"http://sapl.itapoa.sc.leg.br/media/sapl/public/documentoacessorio/2016/2747/2747.pdf","data_ultima_atualizacao":"2018-10-15T13:04:22.408045-03:00","materia":5204,"tipo":17}