{"id":11567,"__str__":"Indica\u00e7\u00e3o n\u00ba 176 de 2023","link_detail_backend":"/materia/11567","metadata":{"signs":{"texto_original":{"admin":[],"autores":[["Luiz Martins Junior",["2023-07-14T12:09:57-03:00","ICP-Brasil"]]]}}},"numero":176,"ano":2023,"numero_protocolo":678,"data_apresentacao":"2023-07-14","tipo_apresentacao":"E","data_publicacao":null,"numero_origem_externa":"","ano_origem_externa":null,"data_origem_externa":null,"apelido":"","dias_prazo":null,"data_fim_prazo":null,"em_tramitacao":false,"polemica":false,"objeto":"","complementar":false,"ementa":"Indica a contrata\u00e7\u00e3o de profissionais para fornecer capacita\u00e7\u00e3o nas fun\u00e7\u00f5es de barbeiro/cabeleireiro para os mun\u00edcipes de Itapo\u00e1","indexacao":"","observacao":"","resultado":"","texto_original":"http://sapl.itapoa.sc.leg.br/media/sapl/public/materialegislativa/2023/11567/indicacao_176__2023_-_luiz_-_indica_a_contratacao_de__profissionais_para_fornecer_capacitacao_nas_funcoes_de_barbeiro-cabeleireiro.pdf","data_ultima_atualizacao":"2025-07-21T11:41:06.343226-03:00","ip":"190.102.48.183","ultima_edicao":"2023-07-14T12:42:21.922468-03:00","tipo":8,"regime_tramitacao":1,"tipo_origem_externa":null,"local_origem_externa":null,"user":28,"anexadas":[11588],"autores":[67]}