{"id":14601,"__str__":"Indica\u00e7\u00e3o n\u00ba 420 de 2025","link_detail_backend":"/materia/14601","metadata":{"signs":{"texto_original":{"admin":[],"autores":[["Daniel Silvano Weber",["2025-10-17T11:35:18-03:00","ICP-Brasil - Certificado PF A1"]]]}}},"numero":420,"ano":2025,"numero_protocolo":1375,"data_apresentacao":"2025-10-17","tipo_apresentacao":"E","data_publicacao":null,"numero_origem_externa":"","ano_origem_externa":null,"data_origem_externa":null,"apelido":"","dias_prazo":null,"data_fim_prazo":null,"em_tramitacao":false,"polemica":false,"objeto":"","complementar":false,"ementa":"Indica a realiza\u00e7\u00e3o de estudos t\u00e9cnicos e or\u00e7ament\u00e1rios visando \u00e0 implanta\u00e7\u00e3o de um espa\u00e7o f\u00edsico permanente destinado \u00e0 realiza\u00e7\u00e3o das feiras do agricultor e do artesanato, considerando o grande sucesso e a ades\u00e3o que esses eventos v\u00eam alcan\u00e7ando junto \u00e0 comunidade local.","indexacao":"","observacao":"","resultado":"","texto_original":"http://sapl.itapoa.sc.leg.br/media/sapl/public/materialegislativa/2025/14601/indicacao_420_2025_-_daniel.pdf","data_ultima_atualizacao":"2025-11-13T17:40:43.536028-03:00","ip":"187.17.231.249","ultima_edicao":"2025-10-17T11:57:08.177889-03:00","tipo":8,"regime_tramitacao":1,"tipo_origem_externa":null,"local_origem_externa":null,"user":28,"anexadas":[14641],"autores":[1]}