{"id":9164,"__str__":"Projeto de Lei Ordin\u00e1ria n\u00ba 28 de 2021","link_detail_backend":"/materia/9164","metadata":{"signs":{"texto_original":{"admin":[],"autores":[["Ezequiel de Andrade",["2021-04-09T12:36:33-03:00","ICP-Brasil - Certificado PF A1"]]]}}},"numero":28,"ano":2021,"numero_protocolo":327,"data_apresentacao":"2021-04-09","tipo_apresentacao":"E","data_publicacao":null,"numero_origem_externa":"","ano_origem_externa":null,"data_origem_externa":null,"apelido":"","dias_prazo":null,"data_fim_prazo":null,"em_tramitacao":false,"polemica":false,"objeto":"","complementar":false,"ementa":"Disp\u00f5e sobre o prazo de validade do Laudo M\u00e9dico Pericial que atesta o Transtorno do Espectro Autista (TEA) no Munic\u00edpio de Itapo\u00e1.","indexacao":"","observacao":"","resultado":"","texto_original":"http://sapl.itapoa.sc.leg.br/media/sapl/public/materialegislativa/2021/9164/projeto_de_lei_28_2021_-_ezequiel_-_dispoe_sobre_o_prazo_de_validade_do_laudo_medico_pericial_que_atesta_o_transtorno_do_espectro_autista__tea.pdf","data_ultima_atualizacao":"2024-07-12T11:06:36.801263-03:00","ip":"45.238.254.112","ultima_edicao":"2021-04-09T13:21:11.532279-03:00","tipo":1,"regime_tramitacao":1,"tipo_origem_externa":null,"local_origem_externa":null,"user":28,"anexadas":[9244],"autores":[41]}