{"id":19875,"__str__":"Indica\u00e7\u00e3o n\u00ba 22 de 2023 | Proposi\u00e7\u00e3o lida no plen\u00e1rio da Casa | 27/02/2023","link_detail_backend":"/materia/tramitacao/19875","metadata":{},"timestamp":"2023-02-27T20:07:54.201238-03:00","data_tramitacao":"2023-02-27","data_encaminhamento":null,"urgente":false,"turno":"","texto":"","data_fim_prazo":null,"ip":"45.238.254.139","ultima_edicao":"2023-02-27T20:07:52.889342-03:00","status":66,"materia":11115,"unidade_tramitacao_local":26,"unidade_tramitacao_destino":10,"user":28}