{"id":20167,"__str__":"Emenda Legislativa n\u00ba 2 de 2023 | Proposi\u00e7\u00e3o aprovada em \u00fanica vota\u00e7\u00e3o | 27/03/2023","link_detail_backend":"/materia/tramitacao/20167","metadata":{},"timestamp":"2023-03-27T19:50:50.343823-03:00","data_tramitacao":"2023-03-27","data_encaminhamento":null,"urgente":false,"turno":"","texto":"Projeto aprovado com absten\u00e7\u00e3o da Vereadora Izabel e do Vereador Luiz","data_fim_prazo":null,"ip":"190.102.50.84","ultima_edicao":"2023-03-27T19:47:44.903893-03:00","status":9,"materia":11178,"unidade_tramitacao_local":26,"unidade_tramitacao_destino":10,"user":28}