{"id":7485,"__str__":"Indica\u00e7\u00e3o n\u00ba 23 de 2019 | Proposi\u00e7\u00e3o lida no plen\u00e1rio da Casa | 18/03/2019","link_detail_backend":"/materia/tramitacao/7485","metadata":{},"timestamp":"2019-03-18T20:59:13.475847-03:00","data_tramitacao":"2019-03-18","data_encaminhamento":"2019-03-18","urgente":false,"turno":"","texto":"Proposi\u00e7\u00e3o lida em plen\u00e1rio.","data_fim_prazo":null,"ip":"","ultima_edicao":null,"status":66,"materia":7503,"unidade_tramitacao_local":6,"unidade_tramitacao_destino":10,"user":null}