{"id":7523,"__str__":"Indica\u00e7\u00e3o n\u00ba 28 de 2019 | Proposi\u00e7\u00e3o inclu\u00edda na Ordem do Dia | 29/03/2019","link_detail_backend":"/materia/tramitacao/7523","metadata":{},"timestamp":"2019-03-29T13:28:53.094425-03:00","data_tramitacao":"2019-03-29","data_encaminhamento":null,"urgente":false,"turno":"","texto":"Indica\u00e7\u00e3o inclusa na ordem do dia da reuni\u00e3o de 01/04/2019","data_fim_prazo":null,"ip":"","ultima_edicao":null,"status":61,"materia":7532,"unidade_tramitacao_local":9,"unidade_tramitacao_destino":6,"user":null}