{"headers": {"id": "ID", "periodo": "Per\u00edodo", "titulo": "Mat\u00e9ria", "autor": "Autor", "ementa": "Ementa", "situacao": "Situa\u00e7\u00e3o"}, "results": [{"id": 9391, "periodo": "ordem dia", "titulo": "Emenda Legislativa n\u00ba 15 de 2021", "autor": "Bela,Gerson Piazzetta,Luiz Nego", "ementa": "Emenda Legislativa n. 15/2021 do tipo modificativa ao Projeto de Lei Ordin\u00e1ria n. 25/2021", "situacao": "Proposi\u00e7\u00e3o encaminhada para \u00danica Vota\u00e7\u00e3o"}, {"id": 9392, "periodo": "ordem dia", "titulo": "Emenda Legislativa n\u00ba 16 de 2021", "autor": "Bela", "ementa": "Emenda Legislativa n. 16/2021 do tipo modificativa ao Projeto de Lei Ordin\u00e1ria n. 25/2021", "situacao": "Proposi\u00e7\u00e3o encaminhada para \u00danica Vota\u00e7\u00e3o"}, {"id": 9393, "periodo": "ordem dia", "titulo": "Emenda Legislativa n\u00ba 17 de 2021", "autor": "Bela", "ementa": "Emenda Legislativa n. 17/2021 do tipo modificativa ao Projeto de Lei Ordin\u00e1ria n. 25/2021", "situacao": "Proposi\u00e7\u00e3o encaminhada para \u00danica Vota\u00e7\u00e3o"}, {"id": 9394, "periodo": "ordem dia", "titulo": "Emenda Legislativa n\u00ba 18 de 2021", "autor": "Bela", "ementa": "Emenda Legislativa n. 18/2021 do tipo modificativa ao Projeto de Lei Ordin\u00e1ria n. 25/2021", "situacao": "Proposi\u00e7\u00e3o encaminhada para \u00danica Vota\u00e7\u00e3o"}, {"id": 9395, "periodo": "ordem dia", "titulo": "Emenda Legislativa n\u00ba 19 de 2021", "autor": "Luiz Nego,Bela", "ementa": "Emenda Legislativa n. 19/2021 do tipo modificativa ao Projeto de Lei Ordin\u00e1ria n. 25/2021", "situacao": "Proposi\u00e7\u00e3o encaminhada para \u00danica Vota\u00e7\u00e3o"}, {"id": 9404, "periodo": "ordem dia", "titulo": "Emenda Legislativa n\u00ba 21 de 2021", "autor": "Fernando da Barra", "ementa": "Emenda Legislativa n. 21/2021 do tipo modificativa ao Projeto de Lei Ordin\u00e1ria n. 25/2021", "situacao": "Proposi\u00e7\u00e3o encaminhada para \u00danica Vota\u00e7\u00e3o"}, {"id": 9405, "periodo": "ordem dia", "titulo": "Emenda Legislativa n\u00ba 22 de 2021", "autor": "Fernando da Barra", "ementa": "Emenda Legislativa n. 22/2021 do tipo modificativa ao Projeto de Lei Ordin\u00e1ria n. 25/2021", "situacao": "Proposi\u00e7\u00e3o encaminhada para \u00danica Vota\u00e7\u00e3o"}, {"id": 9406, "periodo": "ordem dia", "titulo": "Emenda Legislativa n\u00ba 23 de 2021", "autor": "Fernando da Barra", "ementa": "Emenda Legislativa n. 23/2021 do tipo modificativa ao Projeto de Lei Ordin\u00e1ria n. 25/2021", "situacao": "Proposi\u00e7\u00e3o encaminhada para \u00danica Vota\u00e7\u00e3o"}, {"id": 9441, "periodo": "ordem dia", "titulo": "Emenda Legislativa n\u00ba 24 de 2021", "autor": "Fernando da Barra", "ementa": "Emenda Legislativa n. 24/2021 do tipo modificativa ao Projeto de Lei Ordin\u00e1ria n. 25/2021", "situacao": "Proposi\u00e7\u00e3o encaminhada para \u00danica Vota\u00e7\u00e3o"}, {"id": 9397, "periodo": "ordem dia", "titulo": "Emenda Legislativa n\u00ba 25 de 2021", "autor": "Fernando da Barra,Tiago de Oliveira", "ementa": "Emenda Legislativa n. 25/2021 do tipo supressiva ao Projeto de Lei Ordin\u00e1ria n. 25/2021", "situacao": "Proposi\u00e7\u00e3o encaminhada para \u00danica Vota\u00e7\u00e3o"}, {"id": 9407, "periodo": "ordem dia", "titulo": "Emenda Legislativa n\u00ba 26 de 2021", "autor": "Fernando da Barra", "ementa": "Emenda Legislativa n. 26/2021 do tipo modificativa ao Projeto de Lei Ordin\u00e1ria n. 25/2021", "situacao": "Proposi\u00e7\u00e3o encaminhada para \u00danica Vota\u00e7\u00e3o"}, {"id": 9440, "periodo": "ordem dia", "titulo": "Emenda Legislativa n\u00ba 27 de 2021", "autor": "Fernando da Barra,Luiz Nego,Paulo Neres", "ementa": "Emenda Legislativa n. 27/2021 do tipo modificativa ao Projeto de Lei Ordin\u00e1ria n. 25/2021", "situacao": "Proposi\u00e7\u00e3o encaminhada para \u00danica Vota\u00e7\u00e3o"}, {"id": 9398, "periodo": "ordem dia", "titulo": "Emenda Legislativa n\u00ba 28 de 2021", "autor": "Fernando da Barra,Tiago de Oliveira", "ementa": "Emenda Legislativa n. 28/2021 do tipo modificativa ao Projeto de Lei Ordin\u00e1ria n. 25/2021", "situacao": "Proposi\u00e7\u00e3o encaminhada para \u00danica Vota\u00e7\u00e3o"}, {"id": 9399, "periodo": "ordem dia", "titulo": "Emenda Legislativa n\u00ba 29 de 2021", "autor": "Fernando da Barra,Tiago de Oliveira", "ementa": "Emenda Legislativa n.29/2021 do tipo modificativa ao Projeto de Lei Ordin\u00e1ria n. 25/2021", "situacao": "Proposi\u00e7\u00e3o encaminhada para \u00danica Vota\u00e7\u00e3o"}, {"id": 9403, "periodo": "ordem dia", "titulo": "Emenda Legislativa n\u00ba 30 de 2021", "autor": "Fernando da Barra,Tiago de Oliveira", "ementa": "Emenda Legislativa n. 30/2021 do tipo modificativa ao Projeto de Lei Ordin\u00e1ria n. 25/2021", "situacao": "Proposi\u00e7\u00e3o encaminhada para \u00danica Vota\u00e7\u00e3o"}, {"id": 9396, "periodo": "ordem dia", "titulo": "Emenda Legislativa n\u00ba 31 de 2021", "autor": "Luiz Nego,Bela", "ementa": "Emenda Legislativa n. 31/2021 do tipo modificativa ao Projeto de Lei Ordin\u00e1ria n. 25/2021", "situacao": "Proposi\u00e7\u00e3o encaminhada para \u00danica Vota\u00e7\u00e3o"}, {"id": 9408, "periodo": "ordem dia", "titulo": "Emenda Legislativa n\u00ba 32 de 2021", "autor": "Luiz Nego,Tiago de Oliveira", "ementa": "Emenda Legislativa n. 32/2021 do tipo modificativa ao Projeto de Lei Ordin\u00e1ria n. 25/2021", "situacao": "Proposi\u00e7\u00e3o encaminhada para \u00danica Vota\u00e7\u00e3o"}, {"id": 9409, "periodo": "ordem dia", "titulo": "Emenda Legislativa n\u00ba 33 de 2021", "autor": "Ezequiel Andrad'S", "ementa": "Emenda Legislativa n. 33/2021 do tipo modificativa ao Projeto de Lei Ordin\u00e1ria n. 25/2021", "situacao": "Proposi\u00e7\u00e3o encaminhada para \u00danica Vota\u00e7\u00e3o"}, {"id": 9410, "periodo": "ordem dia", "titulo": "Emenda Legislativa n\u00ba 34 de 2021", "autor": "Ezequiel Andrad'S", "ementa": "Emenda Legislativa n. 34/2021 do tipo modificativa ao Projeto de Lei Ordin\u00e1ria n. 25/2021", "situacao": "Proposi\u00e7\u00e3o encaminhada para \u00danica Vota\u00e7\u00e3o"}, {"id": 9400, "periodo": "ordem dia", "titulo": "Emenda Legislativa n\u00ba 35 de 2021", "autor": "Fernando da Barra", "ementa": "Emenda Legislativa n. 35/2021 do tipo modificativa ao Projeto de Lei Ordin\u00e1ria n. 25/2021", "situacao": "Proposi\u00e7\u00e3o encaminhada para \u00danica Vota\u00e7\u00e3o"}, {"id": 9401, "periodo": "ordem dia", "titulo": "Emenda Legislativa n\u00ba 36 de 2021", "autor": "Fernando da Barra", "ementa": "Emenda Legislativa n. 36/2021 do tipo modificativa ao Projeto de Lei Ordin\u00e1ria n. 25/2021", "situacao": "Proposi\u00e7\u00e3o encaminhada para \u00danica Vota\u00e7\u00e3o"}, {"id": 9411, "periodo": "ordem dia", "titulo": "Emenda Legislativa n\u00ba 37 de 2021", "autor": "Ezequiel Andrad'S", "ementa": "Emenda Legislativa n. 37/2021 do tipo modificativa ao Projeto de Lei Ordin\u00e1ria n. 25/2021", "situacao": "Proposi\u00e7\u00e3o encaminhada para \u00danica Vota\u00e7\u00e3o"}, {"id": 9402, "periodo": "ordem dia", "titulo": "Emenda Legislativa n\u00ba 38 de 2021", "autor": "Fernando da Barra", "ementa": "Emenda Legislativa n. 38/2021 do tipo modificativa ao Projeto de Lei Ordin\u00e1ria n. 25/2021", "situacao": "Proposi\u00e7\u00e3o encaminhada para \u00danica Vota\u00e7\u00e3o"}, {"id": 9372, "periodo": "ordem dia", "titulo": "Emenda Legislativa n\u00ba 39 de 2021", "autor": "Gerson Piazzetta", "ementa": "Emenda Legislativa n. 39/2021 do tipo modificativa ao Projeto de Lei Ordin\u00e1ria n. 25/2021", "situacao": "Proposi\u00e7\u00e3o encaminhada para \u00danica Vota\u00e7\u00e3o"}, {"id": 9373, "periodo": "ordem dia", "titulo": "Emenda Legislativa n\u00ba 40 de 2021", "autor": "Gerson Piazzetta", "ementa": "Emenda Legislativa n. 40/2021 do tipo modificativa ao Projeto de Lei Ordin\u00e1ria n. 25/2021", "situacao": "Proposi\u00e7\u00e3o encaminhada para \u00danica Vota\u00e7\u00e3o"}, {"id": 9412, "periodo": "ordem dia", "titulo": "Emenda Legislativa n\u00ba 41 de 2021", "autor": "Paulo Neres", "ementa": "Emenda Legislativa n. 41/2021 do tipo modificativa ao Projeto de Lei Ordin\u00e1ria n. 25/2021", "situacao": "Proposi\u00e7\u00e3o encaminhada para \u00danica Vota\u00e7\u00e3o"}, {"id": 9413, "periodo": "ordem dia", "titulo": "Emenda Legislativa n\u00ba 42 de 2021", "autor": "Paulo Neres", "ementa": "Emenda Legislativa n. 42/2021 do tipo modificativa ao Projeto de Lei Ordin\u00e1ria n. 25/2021", "situacao": "Proposi\u00e7\u00e3o encaminhada para \u00danica Vota\u00e7\u00e3o"}, {"id": 9414, "periodo": "ordem dia", "titulo": "Emenda Legislativa n\u00ba 43 de 2021", "autor": "Paulo Neres", "ementa": "Emenda Legislativa n. 43/2021 do tipo modificativa ao Projeto de Lei Ordin\u00e1ria n. 25/2021", "situacao": "Proposi\u00e7\u00e3o encaminhada para \u00danica Vota\u00e7\u00e3o"}, {"id": 9415, "periodo": "ordem dia", "titulo": "Emenda Legislativa n\u00ba 44 de 2021", "autor": "Paulo Neres", "ementa": "Emenda Legislativa n. 44/2021 do tipo modificativa ao Projeto de Lei Ordin\u00e1ria n. 25/2021", "situacao": "Proposi\u00e7\u00e3o encaminhada para \u00danica Vota\u00e7\u00e3o"}, {"id": 9436, "periodo": "ordem dia", "titulo": "Emenda Legislativa n\u00ba 45 de 2021", "autor": "Ivan da Luz", "ementa": "Emenda Legislativa n. 45/2021 do tipo modificativa ao Projeto de Lei Ordin\u00e1ria n. 25/2021", "situacao": "Proposi\u00e7\u00e3o encaminhada para \u00danica Vota\u00e7\u00e3o"}, {"id": 9437, "periodo": "ordem dia", "titulo": "Emenda Legislativa n\u00ba 46 de 2021", "autor": "Ivan da Luz", "ementa": "Emenda Legislativa n. 46/2021 do tipo modificativa ao Projeto de Lei Ordin\u00e1ria n. 25/2021", "situacao": "Proposi\u00e7\u00e3o encaminhada para \u00danica Vota\u00e7\u00e3o"}, {"id": 9438, "periodo": "ordem dia", "titulo": "Emenda Legislativa n\u00ba 47 de 2021", "autor": "Ivan da Luz", "ementa": "Emenda Legislativa n. 47/2021 do tipo modificativa ao Projeto de Lei Ordin\u00e1ria n. 25/2021", "situacao": "Proposi\u00e7\u00e3o encaminhada para \u00danica Vota\u00e7\u00e3o"}, {"id": 9426, "periodo": "ordem dia", "titulo": "Emenda Legislativa n\u00ba 48 de 2021", "autor": "Bela", "ementa": "Emenda Legislativa n. 48/2021 do tipo modificativa ao Projeto de Lei Ordin\u00e1ria n. 25/2021", "situacao": "Proposi\u00e7\u00e3o encaminhada para \u00danica Vota\u00e7\u00e3o"}, {"id": 9416, "periodo": "ordem dia", "titulo": "Emenda Legislativa n\u00ba 49 de 2021", "autor": "Tiago de Oliveira", "ementa": "Emenda Legislativa n. 49/2021 do tipo modificativa ao Projeto de Lei Ordin\u00e1ria n. 25/2021", "situacao": "Proposi\u00e7\u00e3o encaminhada para \u00danica Vota\u00e7\u00e3o"}, {"id": 9439, "periodo": "ordem dia", "titulo": "Emenda Legislativa n\u00ba 50 de 2021", "autor": "Ivan da Luz", "ementa": "Emenda Legislativa n. 50/2021 do tipo modificativa ao Projeto de Lei Ordin\u00e1ria n. 25/2021", "situacao": "Proposi\u00e7\u00e3o encaminhada para \u00danica Vota\u00e7\u00e3o"}, {"id": 9430, "periodo": "ordem dia", "titulo": "Emenda Legislativa n\u00ba 51 de 2021", "autor": "CFO - COMISS\u00c3O DE FINAN\u00c7AS E OR\u00c7AMENTO", "ementa": "Emenda Legislativa n. 51/2021 do tipo modificativa ao Projeto de Lei Ordin\u00e1ria n. 25/2021", "situacao": "Proposi\u00e7\u00e3o encaminhada para \u00danica Vota\u00e7\u00e3o"}, {"id": 9431, "periodo": "ordem dia", "titulo": "Emenda Legislativa n\u00ba 52 de 2021", "autor": "CFO - COMISS\u00c3O DE FINAN\u00c7AS E OR\u00c7AMENTO", "ementa": "Emenda Legislativa n. 52/2021 do tipo modificativa ao Projeto de Lei Ordin\u00e1ria n. 25/2021", "situacao": "Proposi\u00e7\u00e3o encaminhada para \u00danica Vota\u00e7\u00e3o"}, {"id": 9432, "periodo": "ordem dia", "titulo": "Emenda Legislativa n\u00ba 53 de 2021", "autor": "CFO - COMISS\u00c3O DE FINAN\u00c7AS E OR\u00c7AMENTO", "ementa": "Emenda Legislativa n. 53/2021 do tipo modificativa ao Projeto de Lei Ordin\u00e1ria n. 25/2021", "situacao": "Proposi\u00e7\u00e3o encaminhada para \u00danica Vota\u00e7\u00e3o"}, {"id": 9433, "periodo": "ordem dia", "titulo": "Emenda Legislativa n\u00ba 54 de 2021", "autor": "CFO - COMISS\u00c3O DE FINAN\u00c7AS E OR\u00c7AMENTO", "ementa": "Emenda Legislativa n. 54/2021 do tipo modificativa ao Projeto de Lei Ordin\u00e1ria n. 25/2021", "situacao": "Proposi\u00e7\u00e3o encaminhada para \u00danica Vota\u00e7\u00e3o"}, {"id": 9434, "periodo": "ordem dia", "titulo": "Emenda Legislativa n\u00ba 55 de 2021", "autor": "CFO - COMISS\u00c3O DE FINAN\u00c7AS E OR\u00c7AMENTO", "ementa": "Emenda Legislativa n. 55/2021 do tipo modificativa ao Projeto de Lei Ordin\u00e1ria n. 25/2021", "situacao": "Proposi\u00e7\u00e3o encaminhada para \u00danica Vota\u00e7\u00e3o"}, {"id": 9435, "periodo": "ordem dia", "titulo": "Emenda Legislativa n\u00ba 56 de 2021", "autor": "CFO - COMISS\u00c3O DE FINAN\u00c7AS E OR\u00c7AMENTO", "ementa": "Emenda Legislativa n. 56/2021 do tipo modificativa ao Projeto de Lei Ordin\u00e1ria n. 25/2021", "situacao": "Proposi\u00e7\u00e3o encaminhada para \u00danica Vota\u00e7\u00e3o"}, {"id": 9417, "periodo": "ordem dia", "titulo": "Emenda Legislativa n\u00ba 57 de 2021", "autor": "Tiago de Oliveira", "ementa": "Emenda Legislativa n. 57/2021 do tipo modificativa ao Projeto de Lei Ordin\u00e1ria n. 25/2021", "situacao": "Proposi\u00e7\u00e3o encaminhada para \u00danica Vota\u00e7\u00e3o"}, {"id": 9418, "periodo": "ordem dia", "titulo": "Emenda Legislativa n\u00ba 58 de 2021", "autor": "Tiago de Oliveira", "ementa": "Emenda Legislativa n. 58/2021 do tipo modificativa ao Projeto de Lei Ordin\u00e1ria n. 25/2021", "situacao": "Proposi\u00e7\u00e3o encaminhada para \u00danica Vota\u00e7\u00e3o"}, {"id": 9419, "periodo": "ordem dia", "titulo": "Emenda Legislativa n\u00ba 59 de 2021", "autor": "Tiago de Oliveira", "ementa": "Emenda Legislativa n. 59/2021 do tipo modificativa ao Projeto de Lei Ordin\u00e1ria n. 25/2021", "situacao": "Proposi\u00e7\u00e3o encaminhada para \u00danica Vota\u00e7\u00e3o"}, {"id": 9420, "periodo": "ordem dia", "titulo": "Emenda Legislativa n\u00ba 60 de 2021", "autor": "Tiago de Oliveira", "ementa": "Emenda Legislativa n. 60/2021 do tipo modificativa ao Projeto de Lei Ordin\u00e1ria n. 25/2021", "situacao": "Proposi\u00e7\u00e3o encaminhada para \u00danica Vota\u00e7\u00e3o"}, {"id": 9421, "periodo": "ordem dia", "titulo": "Emenda Legislativa n\u00ba 61 de 2021", "autor": "Tiago de Oliveira", "ementa": "Emenda Legislativa n. 61/2021 do tipo modificativa ao Projeto de Lei Ordin\u00e1ria n. 25/2021", "situacao": "Proposi\u00e7\u00e3o encaminhada para \u00danica Vota\u00e7\u00e3o"}, {"id": 9429, "periodo": "ordem dia", "titulo": "Emenda Legislativa n\u00ba 62 de 2021", "autor": "Tiago de Oliveira,Fernando da Barra", "ementa": "Emenda Legislativa n. 62/2021 do tipo modificativa ao Projeto de Lei Ordin\u00e1ria n. 25/2021", "situacao": "Proposi\u00e7\u00e3o encaminhada para \u00danica Vota\u00e7\u00e3o"}, {"id": 9422, "periodo": "ordem dia", "titulo": "Emenda Legislativa n\u00ba 63 de 2021", "autor": "Tiago de Oliveira", "ementa": "Emenda Legislativa n. 63/2021 do tipo modificativa ao Projeto de Lei Ordin\u00e1ria n. 25/2021", "situacao": "Proposi\u00e7\u00e3o encaminhada para \u00danica Vota\u00e7\u00e3o"}, {"id": 9423, "periodo": "ordem dia", "titulo": "Emenda Legislativa n\u00ba 64 de 2021", "autor": "Tiago de Oliveira", "ementa": "Emenda Legislativa n. 64/2021 do tipo modificativa ao Projeto de Lei Ordin\u00e1ria n. 25/2021", "situacao": "Proposi\u00e7\u00e3o encaminhada para \u00danica Vota\u00e7\u00e3o"}, {"id": 9424, "periodo": "ordem dia", "titulo": "Emenda Legislativa n\u00ba 65 de 2021", "autor": "Tiago de Oliveira", "ementa": "Emenda Legislativa n. 65/2021 do tipo modificativa ao Projeto de Lei Ordin\u00e1ria n. 25/2021", "situacao": "Proposi\u00e7\u00e3o encaminhada para \u00danica Vota\u00e7\u00e3o"}, {"id": 9183, "periodo": "ordem dia", "titulo": "Projeto de Lei Ordin\u00e1ria n\u00ba 25 de 2021", "autor": "Marlon Roberto Neuber - Prefeito", "ementa": "Disp\u00f5e sobre o Plano Plurianual do Munic\u00edpio de Itapo\u00e1 para o per\u00edodo de 2022 a 2025 e d\u00e1 outras provid\u00eancias.", "situacao": "Proposi\u00e7\u00e3o encaminhada para \u00danica Vota\u00e7\u00e3o"}, {"id": 9454, "periodo": "ordem dia", "titulo": "Requerimento n\u00ba 39 de 2021", "autor": "Sargento Stoklosa", "ementa": "O Vereador que subscreve este requerimento solicita que, na forma regimental e depois de ouvido o Plen\u00e1rio, o Poder Executivo, por meio do setor competente, envie para esta Casa de Leis informa\u00e7\u00f5es referentes aos p\u00e1tios de estacionamento para os caminh\u00f5es fora da \u00e1rea urbana municipal e das normas municipais", "situacao": "Proposi\u00e7\u00e3o encaminhada para \u00danica Vota\u00e7\u00e3o"}, {"id": 9247, "periodo": "ordem dia", "titulo": "Projeto de Lei Ordin\u00e1ria n\u00ba 41 de 2021", "autor": "Luiz Nego", "ementa": "Autoriza o Poder Executivo de Itapo\u00e1 a exigir a limpeza e a desinfec\u00e7\u00e3o das cisternas e caixas de \u00e1gua dos edif\u00edcios residenciais multifamiliares, reparti\u00e7\u00f5es p\u00fablicas e edif\u00edcios comerciais situados dentro do Munic\u00edpio.", "situacao": "Proposi\u00e7\u00e3o encaminhada para 2\u00aa vota\u00e7\u00e3o"}, {"id": 9355, "periodo": "ordem dia", "titulo": "Projeto de Lei Ordin\u00e1ria n\u00ba 49 de 2021", "autor": "Sargento Stoklosa", "ementa": "Institui a Semana Municipal do Ciclismo e d\u00e1 outras provid\u00eancias.", "situacao": "Proposi\u00e7\u00e3o encaminhada para 2\u00aa vota\u00e7\u00e3o"}, {"id": 9449, "periodo": "ordem dia", "titulo": "Indica\u00e7\u00e3o n\u00ba 259 de 2021", "autor": "Bela", "ementa": "Indica ao senhor Prefeito que, por meio do setor competente, providencie a manuten\u00e7\u00e3o e o ensaibramento da Rua 950, esquina com a Rua do Pr\u00edncipe, localizada no Bairro Itapema do Norte.", "situacao": "Proposi\u00e7\u00e3o inclu\u00edda na Ordem do Dia"}, {"id": 9450, "periodo": "ordem dia", "titulo": "Indica\u00e7\u00e3o n\u00ba 260 de 2021", "autor": "Bela", "ementa": "Indica ao senhor Prefeito que, por meio da Secretaria da Educa\u00e7\u00e3o, providencie a confec\u00e7\u00e3o de placas de identifica\u00e7\u00e3o de todos os pr\u00e9dios p\u00fablicos da Educa\u00e7\u00e3o do Munic\u00edpio a fim de coloc\u00e1-las nos pr\u00e9dios e nas ruas para direcionar os mun\u00edcipes.", "situacao": "Proposi\u00e7\u00e3o inclu\u00edda na Ordem do Dia"}, {"id": 9446, "periodo": "ordem dia", "titulo": "Indica\u00e7\u00e3o n\u00ba 261 de 2021", "autor": "Luiz Nego", "ementa": "Indica ao senhor Prefeito que, por meio do setor competente, providencie o ensaibramento e a instala\u00e7\u00e3o de ilumina\u00e7\u00e3o p\u00fablica na Rua 170, no Bairro Barra do Sa\u00ed, Itapo\u00e1/SC.", "situacao": "Proposi\u00e7\u00e3o inclu\u00edda na Ordem do Dia"}, {"id": 9447, "periodo": "ordem dia", "titulo": "Indica\u00e7\u00e3o n\u00ba 262 de 2021", "autor": "Luiz Nego", "ementa": "Indica ao senhor Prefeito que, por meio do setor competente, providencie a manuten\u00e7\u00e3o e o ensaibramento da Rua Fais\u00e3o, no Bairro S\u00e3o Jos\u00e9, Itapo\u00e1/SC.", "situacao": "Proposi\u00e7\u00e3o inclu\u00edda na Ordem do Dia"}, {"id": 9448, "periodo": "ordem dia", "titulo": "Indica\u00e7\u00e3o n\u00ba 263 de 2021", "autor": "Luiz Nego", "ementa": "Indica ao senhor Prefeito que, por meio do setor competente, providencie a manuten\u00e7\u00e3o e o ensaibramento da Rua Cambiru, localizada no Bairro Cambij\u00fa, Itapo\u00e1/SC.", "situacao": "Proposi\u00e7\u00e3o inclu\u00edda na Ordem do Dia"}, {"id": 9451, "periodo": "ordem dia", "titulo": "Indica\u00e7\u00e3o n\u00ba 264 de 2021", "autor": "Fernando da Barra", "ementa": "Indica ao senhor Prefeito que, por meio do setor competente, providencie a manuten\u00e7\u00e3o e o ensaibramento das ruas 510, 520, 530 e 540, da Avenida Marechal Floriano Peixoto, at\u00e9 o final das ruas, no Balne\u00e1rio Rainha, Itapo\u00e1/SC.", "situacao": "Proposi\u00e7\u00e3o inclu\u00edda na Ordem do Dia"}, {"id": 9452, "periodo": "ordem dia", "titulo": "Indica\u00e7\u00e3o n\u00ba 265 de 2021", "autor": "Fernando da Barra", "ementa": "Indica ao senhor Prefeito que, por meio do setor competente, providencie a manuten\u00e7\u00e3o e o ensaibramento das ruas 20, 30, 40, 50, 60, 70, 80, 90, 100, 110 e 120, em toda a sua extens\u00e3o, na Barra do Sa\u00ed, Itapo\u00e1/SC.", "situacao": "Proposi\u00e7\u00e3o inclu\u00edda na Ordem do Dia"}, {"id": 9460, "periodo": "ordem dia", "titulo": "Indica\u00e7\u00e3o n\u00ba 266 de 2021", "autor": "Bela", "ementa": "Indica ao senhor Prefeito que, por meio da Secretaria de Planejamento, providencie a instala\u00e7\u00e3o de lixeiras, de ilumina\u00e7\u00e3o e de bancos no primeiro bloco do Parque Linear, no Bairro de Itapo\u00e1.", "situacao": "Proposi\u00e7\u00e3o inclu\u00edda na Ordem do Dia"}, {"id": 9453, "periodo": "ordem dia", "titulo": "Indica\u00e7\u00e3o n\u00ba 267 de 2021", "autor": "Sargento Stoklosa", "ementa": "Indica ao senhor Prefeito que, por meio do setor competente, providencie os procedimentos cab\u00edveis para constru\u00e7\u00e3o de um galp\u00e3o para os pescadores na Rua Canindeju (R. 20), Loteamento Praia do Saizinho, no Bairro Barra do Sa\u00ed.", "situacao": "Proposi\u00e7\u00e3o inclu\u00edda na Ordem do Dia"}, {"id": 9455, "periodo": "ordem dia", "titulo": "Indica\u00e7\u00e3o n\u00ba 268 de 2021", "autor": "Ezequiel Andrad'S", "ementa": "Indica ao senhor Prefeito que, por meio do setor competente, providencie a manuten\u00e7\u00e3o (ensaibramento) da Rua Ademar Pereira, localizada no Bairro Barra do Sa\u00ed, a partir da Rua 420 at\u00e9 o loteamento South Beach, Itapo\u00e1/SC.", "situacao": "Proposi\u00e7\u00e3o inclu\u00edda na Ordem do Dia"}, {"id": 9456, "periodo": "ordem dia", "titulo": "Indica\u00e7\u00e3o n\u00ba 269 de 2021", "autor": "Ezequiel Andrad'S", "ementa": "Indica ao senhor Prefeito que, por meio do setor competente, providencie no Bairro Barra do Sa\u00ed um local onde os mun\u00edcipes possam esperar o transporte ligado \u00e0 sa\u00fade, Transporte Fora do Domic\u00edlio (TFD), sem ter que se deslocar do seu Bairro, Barra do Sa\u00ed, Itapo\u00e1/SC.", "situacao": "Proposi\u00e7\u00e3o inclu\u00edda na Ordem do Dia"}, {"id": 9457, "periodo": "ordem dia", "titulo": "Indica\u00e7\u00e3o n\u00ba 270 de 2021", "autor": "Ezequiel Andrad'S", "ementa": "Indica ao senhor Prefeito que, por meio do setor competente, providencie a abertura da Rua Vicente Machado, da rua 370 at\u00e9 a frente do lote 17 da quadra 11, no Balne\u00e1rio Sa\u00ed Mirim, Bairro Barra do Sa\u00ed, Itapo\u00e1/SC.", "situacao": "Proposi\u00e7\u00e3o inclu\u00edda na Ordem do Dia"}, {"id": 9459, "periodo": "ordem dia", "titulo": "Indica\u00e7\u00e3o n\u00ba 271 de 2021", "autor": "Gerson Piazzetta", "ementa": "Indica ao senhor Prefeito que, por meio do setor competente, providencie a limpeza lateral, o ensaibramento e a manuten\u00e7\u00e3o em toda a extens\u00e3o da Rua Paraju, localizada no Balne\u00e1rio Rosa dos Ventos.", "situacao": "Proposi\u00e7\u00e3o inclu\u00edda na Ordem do Dia"}, {"id": 9461, "periodo": "ordem dia", "titulo": "Indica\u00e7\u00e3o n\u00ba 272 de 2021", "autor": "Paulo Neres", "ementa": "Indica ao senhor Prefeito que, por meio do setor competente, providencie a manuten\u00e7\u00e3o do Farol, assim como a melhoria ao acesso \u00e0 praia, um ponto tur\u00edstico e cart\u00e3o postal do munic\u00edpio no Bairro Pontal do Norte.", "situacao": "Proposi\u00e7\u00e3o inclu\u00edda na Ordem do Dia"}, {"id": 9462, "periodo": "ordem dia", "titulo": "Indica\u00e7\u00e3o n\u00ba 273 de 2021", "autor": "Paulo Neres", "ementa": "Indica ao senhor Prefeito que, por meio do setor competente, providencie a instala\u00e7\u00e3o de lumin\u00e1ria na Avenida Beira-Mar V no Balne\u00e1rio Rosas dos Ventos.", "situacao": "Proposi\u00e7\u00e3o inclu\u00edda na Ordem do Dia"}, {"id": 9458, "periodo": "expediente", "titulo": "Projeto de Lei Ordin\u00e1ria n\u00ba 54 de 2021", "autor": "Sargento Stoklosa", "ementa": "Disp\u00f5e sobre a implanta\u00e7\u00e3o de medidor de velocidade eletr\u00f4nica e d\u00e1 outras provid\u00eancias.", "situacao": "Proposi\u00e7\u00e3o inclusa no expediente para entrada na Casa"}]}